{"id":4257,"date":"2023-09-24T13:26:00","date_gmt":"2023-09-24T11:26:00","guid":{"rendered":"https:\/\/wilpfcameroon.org\/2023\/09\/womens-peace-appeal-week\/"},"modified":"2025-06-27T14:29:25","modified_gmt":"2025-06-27T12:29:25","slug":"womens-peace-appeal-week","status":"publish","type":"post","link":"https:\/\/wilpfcameroon.org\/en\/womens-peace-appeal-week\/","title":{"rendered":"WOMEN&#8217;S PEACE APPEAL WEEK"},"content":{"rendered":"\t\t<div data-elementor-type=\"wp-post\" data-elementor-id=\"4257\" class=\"elementor elementor-4257 elementor-1597\">\n\t\t\t\t<div class=\"elementor-element elementor-element-24d0016 e-flex e-con-boxed wpr-particle-no wpr-jarallax-no wpr-parallax-no wpr-sticky-section-no e-con e-parent\" data-id=\"24d0016\" data-element_type=\"container\">\n\t\t\t\t\t<div class=\"e-con-inner\">\n\t\t\t\t<div class=\"elementor-element elementor-element-4d5ce13 elementor-widget elementor-widget-heading\" data-id=\"4d5ce13\" data-element_type=\"widget\" data-widget_type=\"heading.default\">\n\t\t\t\t<div class=\"elementor-widget-container\">\n\t\t\t\t\t<h2 class=\"elementor-heading-title elementor-size-default\">WOMEN'S PEACE APPEAL WEEK<\/h2>\t\t\t\t<\/div>\n\t\t\t\t<\/div>\n\t\t\t\t<div class=\"elementor-element elementor-element-a8f073f elementor-widget elementor-widget-heading\" data-id=\"a8f073f\" data-element_type=\"widget\" data-widget_type=\"heading.default\">\n\t\t\t\t<div class=\"elementor-widget-container\">\n\t\t\t\t\t<h2 class=\"elementor-heading-title elementor-size-default\">Closing ceremony at CEPREF Mandjou<\/h2>\t\t\t\t<\/div>\n\t\t\t\t<\/div>\n\t\t\t\t<div class=\"elementor-element elementor-element-e08a560 elementor-widget elementor-widget-text-editor\" data-id=\"e08a560\" data-element_type=\"widget\" data-widget_type=\"text-editor.default\">\n\t\t\t\t<div class=\"elementor-widget-container\">\n\t\t\t\t\t\t\t\t\t<p>  On September 22, 2023, the closing ceremony of the Semaine d&#8217;appel pour la paix par les femmes organized by the association Femmes pour la promotion du leadership moral was held at the Centre de promotion de l&#8217;entrepreneuriat f\u00e9minin de MANDJOU.<\/p>\t\t\t\t\t\t\t\t<\/div>\n\t\t\t\t<\/div>\n\t\t\t\t<div class=\"elementor-element elementor-element-87b9b99 elementor-arrows-position-inside elementor-pagination-position-outside elementor-widget elementor-widget-image-carousel\" data-id=\"87b9b99\" data-element_type=\"widget\" data-settings=\"{&quot;navigation&quot;:&quot;both&quot;,&quot;autoplay&quot;:&quot;yes&quot;,&quot;pause_on_hover&quot;:&quot;yes&quot;,&quot;pause_on_interaction&quot;:&quot;yes&quot;,&quot;autoplay_speed&quot;:5000,&quot;infinite&quot;:&quot;yes&quot;,&quot;speed&quot;:500}\" data-widget_type=\"image-carousel.default\">\n\t\t\t\t<div class=\"elementor-widget-container\">\n\t\t\t\t\t\t\t<div class=\"elementor-image-carousel-wrapper swiper\" role=\"region\" aria-roledescription=\"carousel\" aria-label=\"Image Carousel\" dir=\"ltr\">\n\t\t\t<div class=\"elementor-image-carousel swiper-wrapper\" aria-live=\"off\">\n\t\t\t\t\t\t\t\t<div class=\"swiper-slide\" role=\"group\" aria-roledescription=\"slide\" aria-label=\"1 of 8\"><figure class=\"swiper-slide-inner\"><img decoding=\"async\" class=\"swiper-slide-image\" src=\"https:\/\/wilpfcameroon.org\/wp-content\/uploads\/2024\/04\/382935484_345712007800954_1087545352572341311_n-396x360.jpg\" alt=\"382935484_345712007800954_1087545352572341311_n\" \/><\/figure><\/div><div class=\"swiper-slide\" role=\"group\" aria-roledescription=\"slide\" aria-label=\"2 of 8\"><figure class=\"swiper-slide-inner\"><img decoding=\"async\" class=\"swiper-slide-image\" src=\"https:\/\/wilpfcameroon.org\/wp-content\/uploads\/2024\/04\/381707024_345711924467629_2856090076735440807_n-396x360.jpg\" alt=\"381707024_345711924467629_2856090076735440807_n\" \/><\/figure><\/div><div class=\"swiper-slide\" role=\"group\" aria-roledescription=\"slide\" aria-label=\"3 of 8\"><figure class=\"swiper-slide-inner\"><img decoding=\"async\" class=\"swiper-slide-image\" src=\"https:\/\/wilpfcameroon.org\/wp-content\/uploads\/2024\/04\/381979842_345711941134294_2054468406402764663_n-396x360.jpg\" alt=\"381979842_345711941134294_2054468406402764663_n\" \/><\/figure><\/div><div class=\"swiper-slide\" role=\"group\" aria-roledescription=\"slide\" aria-label=\"4 of 8\"><figure class=\"swiper-slide-inner\"><img decoding=\"async\" class=\"swiper-slide-image\" src=\"https:\/\/wilpfcameroon.org\/wp-content\/uploads\/2024\/04\/381820024_345711864467635_7055221087638663185_n-396x360.jpg\" alt=\"381820024_345711864467635_7055221087638663185_n\" \/><\/figure><\/div><div class=\"swiper-slide\" role=\"group\" aria-roledescription=\"slide\" aria-label=\"5 of 8\"><figure class=\"swiper-slide-inner\"><img decoding=\"async\" class=\"swiper-slide-image\" src=\"https:\/\/wilpfcameroon.org\/wp-content\/uploads\/2024\/04\/382998937_345712014467620_875986202431026579_n-e1712748572694-396x360.jpg\" alt=\"382998937_345712014467620_875986202431026579_n\" \/><\/figure><\/div><div class=\"swiper-slide\" role=\"group\" aria-roledescription=\"slide\" aria-label=\"6 of 8\"><figure class=\"swiper-slide-inner\"><img decoding=\"async\" class=\"swiper-slide-image\" src=\"https:\/\/wilpfcameroon.org\/wp-content\/uploads\/2024\/04\/382238904_345711854467636_3876537378094990537_n-396x360.jpg\" alt=\"382238904_345711854467636_3876537378094990537_n\" \/><\/figure><\/div><div class=\"swiper-slide\" role=\"group\" aria-roledescription=\"slide\" aria-label=\"7 of 8\"><figure class=\"swiper-slide-inner\"><img decoding=\"async\" class=\"swiper-slide-image\" src=\"https:\/\/wilpfcameroon.org\/wp-content\/uploads\/2024\/04\/382940308_345712097800945_7365435026136891331_n-396x360.jpg\" alt=\"382940308_345712097800945_7365435026136891331_n\" \/><\/figure><\/div><div class=\"swiper-slide\" role=\"group\" aria-roledescription=\"slide\" aria-label=\"8 of 8\"><figure class=\"swiper-slide-inner\"><img decoding=\"async\" class=\"swiper-slide-image\" src=\"https:\/\/wilpfcameroon.org\/wp-content\/uploads\/2024\/04\/381675340_345711991134289_4885593696648004286_n-396x360.jpg\" alt=\"381675340_345711991134289_4885593696648004286_n\" \/><\/figure><\/div>\t\t\t<\/div>\n\t\t\t\t\t\t\t\t\t\t\t\t<div class=\"elementor-swiper-button elementor-swiper-button-prev\" role=\"button\" tabindex=\"0\">\n\t\t\t\t\t\t<svg aria-hidden=\"true\" class=\"e-font-icon-svg e-eicon-chevron-left\" viewBox=\"0 0 1000 1000\" xmlns=\"http:\/\/www.w3.org\/2000\/svg\"><path d=\"M646 125C629 125 613 133 604 142L308 442C296 454 292 471 292 487 292 504 296 521 308 533L604 854C617 867 629 875 646 875 663 875 679 871 692 858 704 846 713 829 713 812 713 796 708 779 692 767L438 487 692 225C700 217 708 204 708 187 708 171 704 154 692 142 675 129 663 125 646 125Z\"><\/path><\/svg>\t\t\t\t\t<\/div>\n\t\t\t\t\t<div class=\"elementor-swiper-button elementor-swiper-button-next\" role=\"button\" tabindex=\"0\">\n\t\t\t\t\t\t<svg aria-hidden=\"true\" class=\"e-font-icon-svg e-eicon-chevron-right\" viewBox=\"0 0 1000 1000\" xmlns=\"http:\/\/www.w3.org\/2000\/svg\"><path d=\"M696 533C708 521 713 504 713 487 713 471 708 454 696 446L400 146C388 133 375 125 354 125 338 125 325 129 313 142 300 154 292 171 292 187 292 204 296 221 308 233L563 492 304 771C292 783 288 800 288 817 288 833 296 850 308 863 321 871 338 875 354 875 371 875 388 867 400 854L696 533Z\"><\/path><\/svg>\t\t\t\t\t<\/div>\n\t\t\t\t\n\t\t\t\t\t\t\t\t\t<div class=\"swiper-pagination\"><\/div>\n\t\t\t\t\t\t\t\t\t<\/div>\n\t\t\t\t\t\t<\/div>\n\t\t\t\t<\/div>\n\t\t\t\t<div class=\"elementor-element elementor-element-7bb0ae3 elementor-widget elementor-widget-text-editor\" data-id=\"7bb0ae3\" data-element_type=\"widget\" data-widget_type=\"text-editor.default\">\n\t\t\t\t<div class=\"elementor-widget-container\">\n\t\t\t\t\t\t\t\t\t<div class=\"x11i5rnm xat24cr x1mh8g0r x1vvkbs xtlvy1s x126k92a\"><div dir=\"auto\">  Chaired by the D\u00e9l\u00e9gu\u00e9 d\u00e9partemental de la Jeunesse et de l&#8217;\u00e9ducation civique, it was attended by over 40 people. Among them were the head of the Mandjou social affairs center, a resource person, and beneficiaries of CEPREF&#8217;s activities, including refugees, internally displaced persons and the host community. <\/div><div dir=\"auto\"> <\/div><\/div><div class=\"x11i5rnm xat24cr x1mh8g0r x1vvkbs xtlvy1s x126k92a\"><div dir=\"auto\">  Key activities included<\/div><div dir=\"auto\">  &#8211; Training in the preparation of wheat and corn flour cakes<\/div><div dir=\"auto\">  &#8211; An educational talk on the theme of social and peaceful cohesion: its importance for the harmonious and sustainable development of the community<\/div><div dir=\"auto\">  &#8211; Artistic activities<\/div><div dir=\"auto\">  &#8211; An exhibition on CEPREF activities in Mandjou<\/div><div dir=\"auto\"> <\/div><\/div><div class=\"x11i5rnm xat24cr x1mh8g0r x1vvkbs xtlvy1s x126k92a\"><div dir=\"auto\">  At the end of the ceremony, the Peace Tree and messages of peace were shared by the participants as a sign of peace during the artistic activities.<\/div><\/div><div class=\"x11i5rnm xat24cr x1mh8g0r x1vvkbs xtlvy1s x126k92a\"><div dir=\"auto\">WILPF Cameroon, particularly concerned by the situation of refugees in the EAST region, warmly thanks the <a class=\"x1i10hfl xjbqb8w x1ejq31n xd10rxx x1sy0etr x17r0tee x972fbf xcfux6l x1qhh985 xm0m39n x9f619 x1ypdohk xt0psk2 xe8uvvx xdj266r x11i5rnm xat24cr x1mh8g0r xexx8yu x4uap5 x18d9i69 xkhd6sd x16tdsg8 x1hl2dhg xggy1nq x1a2a7pz xt0b8zv x1fey0fg xo1l8bm\" tabindex=\"0\" role=\"link\" href=\"https:\/\/www.facebook.com\/Femmespourleadershipmoral?__cft__%5B0%5D=AZWhkV5EOxderucAYQg-OarIjdIpmoOPuJdm2NshRiXabhxhYAg5n_RahXpwSE-bQq55AvbLGSRnEu1Ew98SiWHLlzTa-xGOHcQL3qVIXyWDLlzDSVzE1OVrkeQBWODkW4C0-UtWilyH9iLLY37VQEeRGJqDgqpexhw2cqeujhZDKLoE6s6DqU_bWp8nNXM6IBI&amp;__tn__=-%5DK-R\"><span class=\"xt0psk2\">Feplem Moral<\/span><\/a> for this event of such social impact.<\/div><div dir=\"auto\"> <\/div><\/div><div class=\"x11i5rnm xat24cr x1mh8g0r x1vvkbs xtlvy1s x126k92a\"><div dir=\"auto\"><strong><a class=\"x1i10hfl xjbqb8w x1ejq31n xd10rxx x1sy0etr x17r0tee x972fbf xcfux6l x1qhh985 xm0m39n x9f619 x1ypdohk xt0psk2 xe8uvvx xdj266r x11i5rnm xat24cr x1mh8g0r xexx8yu x4uap5 x18d9i69 xkhd6sd x16tdsg8 x1hl2dhg xggy1nq x1a2a7pz xt0b8zv x1fey0fg xo1l8bm\" tabindex=\"0\" role=\"link\" href=\"https:\/\/www.facebook.com\/hashtag\/sapf2023?__eep__=6&amp;__cft__%5B0%5D=AZWhkV5EOxderucAYQg-OarIjdIpmoOPuJdm2NshRiXabhxhYAg5n_RahXpwSE-bQq55AvbLGSRnEu1Ew98SiWHLlzTa-xGOHcQL3qVIXyWDLlzDSVzE1OVrkeQBWODkW4C0-UtWilyH9iLLY37VQEeRGJqDgqpexhw2cqeujhZDKLoE6s6DqU_bWp8nNXM6IBI&amp;__tn__=*NK-R\">#sapf2023<\/a><\/strong><\/div><div dir=\"auto\"><strong><a class=\"x1i10hfl xjbqb8w x1ejq31n xd10rxx x1sy0etr x17r0tee x972fbf xcfux6l x1qhh985 xm0m39n x9f619 x1ypdohk xt0psk2 xe8uvvx xdj266r x11i5rnm xat24cr x1mh8g0r xexx8yu x4uap5 x18d9i69 xkhd6sd x16tdsg8 x1hl2dhg xggy1nq x1a2a7pz xt0b8zv x1fey0fg xo1l8bm\" tabindex=\"0\" role=\"link\" href=\"https:\/\/www.facebook.com\/hashtag\/actionsforpeace?__eep__=6&amp;__cft__%5B0%5D=AZWhkV5EOxderucAYQg-OarIjdIpmoOPuJdm2NshRiXabhxhYAg5n_RahXpwSE-bQq55AvbLGSRnEu1Ew98SiWHLlzTa-xGOHcQL3qVIXyWDLlzDSVzE1OVrkeQBWODkW4C0-UtWilyH9iLLY37VQEeRGJqDgqpexhw2cqeujhZDKLoE6s6DqU_bWp8nNXM6IBI&amp;__tn__=*NK-R\">#ActionsPourlaPaix<\/a><\/strong><\/div><div dir=\"auto\"><strong><a class=\"x1i10hfl xjbqb8w x1ejq31n xd10rxx x1sy0etr x17r0tee x972fbf xcfux6l x1qhh985 xm0m39n x9f619 x1ypdohk xt0psk2 xe8uvvx xdj266r x11i5rnm xat24cr x1mh8g0r xexx8yu x4uap5 x18d9i69 xkhd6sd x16tdsg8 x1hl2dhg xggy1nq x1a2a7pz xt0b8zv x1fey0fg xo1l8bm\" tabindex=\"0\" role=\"link\" href=\"https:\/\/www.facebook.com\/hashtag\/peaceweek?__eep__=6&amp;__cft__%5B0%5D=AZWhkV5EOxderucAYQg-OarIjdIpmoOPuJdm2NshRiXabhxhYAg5n_RahXpwSE-bQq55AvbLGSRnEu1Ew98SiWHLlzTa-xGOHcQL3qVIXyWDLlzDSVzE1OVrkeQBWODkW4C0-UtWilyH9iLLY37VQEeRGJqDgqpexhw2cqeujhZDKLoE6s6DqU_bWp8nNXM6IBI&amp;__tn__=*NK-R\">#SemainedelaPaix<\/a> <\/strong><\/div><div dir=\"auto\"><strong><a class=\"x1i10hfl xjbqb8w x1ejq31n xd10rxx x1sy0etr x17r0tee x972fbf xcfux6l x1qhh985 xm0m39n x9f619 x1ypdohk xt0psk2 xe8uvvx xdj266r x11i5rnm xat24cr x1mh8g0r xexx8yu x4uap5 x18d9i69 xkhd6sd x16tdsg8 x1hl2dhg xggy1nq x1a2a7pz xt0b8zv x1fey0fg xo1l8bm\" tabindex=\"0\" role=\"link\" href=\"https:\/\/www.facebook.com\/hashtag\/wilpf?__eep__=6&amp;__cft__%5B0%5D=AZWhkV5EOxderucAYQg-OarIjdIpmoOPuJdm2NshRiXabhxhYAg5n_RahXpwSE-bQq55AvbLGSRnEu1Ew98SiWHLlzTa-xGOHcQL3qVIXyWDLlzDSVzE1OVrkeQBWODkW4C0-UtWilyH9iLLY37VQEeRGJqDgqpexhw2cqeujhZDKLoE6s6DqU_bWp8nNXM6IBI&amp;__tn__=*NK-R\">#WILPFCameroon<\/a><\/strong><\/div><div dir=\"auto\"><strong><a class=\"x1i10hfl xjbqb8w x1ejq31n xd10rxx x1sy0etr x17r0tee x972fbf xcfux6l x1qhh985 xm0m39n x9f619 x1ypdohk xt0psk2 xe8uvvx xdj266r x11i5rnm xat24cr x1mh8g0r xexx8yu x4uap5 x18d9i69 xkhd6sd x16tdsg8 x1hl2dhg xggy1nq x1a2a7pz xt0b8zv x1fey0fg xo1l8bm\" tabindex=\"0\" role=\"link\" href=\"https:\/\/www.facebook.com\/hashtag\/strongertogether?__eep__=6&amp;__cft__%5B0%5D=AZWhkV5EOxderucAYQg-OarIjdIpmoOPuJdm2NshRiXabhxhYAg5n_RahXpwSE-bQq55AvbLGSRnEu1Ew98SiWHLlzTa-xGOHcQL3qVIXyWDLlzDSVzE1OVrkeQBWODkW4C0-UtWilyH9iLLY37VQEeRGJqDgqpexhw2cqeujhZDKLoE6s6DqU_bWp8nNXM6IBI&amp;__tn__=*NK-R\">#PlusFortEnsemble<\/a><\/strong><\/div><div dir=\"auto\"> <\/div><\/div><div class=\"x11i5rnm xat24cr x1mh8g0r x1vvkbs xtlvy1s x126k92a\"><div dir=\"auto\"><strong><a class=\"x1i10hfl xjbqb8w x1ejq31n xd10rxx x1sy0etr x17r0tee x972fbf xcfux6l x1qhh985 xm0m39n x9f619 x1ypdohk xt0psk2 xe8uvvx xdj266r x11i5rnm xat24cr x1mh8g0r xexx8yu x4uap5 x18d9i69 xkhd6sd x16tdsg8 x1hl2dhg xggy1nq x1a2a7pz xt0b8zv x1fey0fg xo1l8bm\" tabindex=\"0\" role=\"link\" href=\"https:\/\/www.facebook.com\/wilpf?__cft__%5B0%5D=AZWhkV5EOxderucAYQg-OarIjdIpmoOPuJdm2NshRiXabhxhYAg5n_RahXpwSE-bQq55AvbLGSRnEu1Ew98SiWHLlzTa-xGOHcQL3qVIXyWDLlzDSVzE1OVrkeQBWODkW4C0-UtWilyH9iLLY37VQEeRGJqDgqpexhw2cqeujhZDKLoE6s6DqU_bWp8nNXM6IBI&amp;__tn__=-%5DK-R\"><span class=\"xt0psk2\">Women&#8217;s International League for Peace and Freedom<\/span><\/a><\/strong><\/div><div dir=\"auto\"><strong> <a class=\"x1i10hfl xjbqb8w x1ejq31n xd10rxx x1sy0etr x17r0tee x972fbf xcfux6l x1qhh985 xm0m39n x9f619 x1ypdohk xt0psk2 xe8uvvx xdj266r x11i5rnm xat24cr x1mh8g0r xexx8yu x4uap5 x18d9i69 xkhd6sd x16tdsg8 x1hl2dhg xggy1nq x1a2a7pz xt0b8zv x1fey0fg xo1l8bm\" tabindex=\"0\" role=\"link\" href=\"https:\/\/www.facebook.com\/minjeccameroun?__cft__%5B0%5D=AZWhkV5EOxderucAYQg-OarIjdIpmoOPuJdm2NshRiXabhxhYAg5n_RahXpwSE-bQq55AvbLGSRnEu1Ew98SiWHLlzTa-xGOHcQL3qVIXyWDLlzDSVzE1OVrkeQBWODkW4C0-UtWilyH9iLLY37VQEeRGJqDgqpexhw2cqeujhZDKLoE6s6DqU_bWp8nNXM6IBI&amp;__tn__=-%5DK-R\"><span class=\"xt0psk2\">Ministry of Youth and Civic Education 237<\/span><\/a><\/strong><\/div><div dir=\"auto\"><strong> <a class=\"x1i10hfl xjbqb8w x1ejq31n xd10rxx x1sy0etr x17r0tee x972fbf xcfux6l x1qhh985 xm0m39n x9f619 x1ypdohk xt0psk2 xe8uvvx xdj266r x11i5rnm xat24cr x1mh8g0r xexx8yu x4uap5 x18d9i69 xkhd6sd x16tdsg8 x1hl2dhg xggy1nq x1a2a7pz xt0b8zv x1fey0fg xo1l8bm\" tabindex=\"0\" role=\"link\" href=\"https:\/\/www.facebook.com\/minproff.cameroun?__cft__%5B0%5D=AZWhkV5EOxderucAYQg-OarIjdIpmoOPuJdm2NshRiXabhxhYAg5n_RahXpwSE-bQq55AvbLGSRnEu1Ew98SiWHLlzTa-xGOHcQL3qVIXyWDLlzDSVzE1OVrkeQBWODkW4C0-UtWilyH9iLLY37VQEeRGJqDgqpexhw2cqeujhZDKLoE6s6DqU_bWp8nNXM6IBI&amp;__tn__=-%5DK-R\"><span class=\"xt0psk2\">Ministry for the Promotion of Women and the Family<\/span><\/a><\/strong><\/div><div dir=\"auto\"><strong> <a class=\"x1i10hfl xjbqb8w x1ejq31n xd10rxx x1sy0etr x17r0tee x972fbf xcfux6l x1qhh985 xm0m39n x9f619 x1ypdohk xt0psk2 xe8uvvx xdj266r x11i5rnm xat24cr x1mh8g0r xexx8yu x4uap5 x18d9i69 xkhd6sd x16tdsg8 x1hl2dhg xggy1nq x1a2a7pz xt0b8zv x1fey0fg xo1l8bm\" tabindex=\"0\" role=\"link\" href=\"https:\/\/www.facebook.com\/womenpeaceinitiatives?__cft__%5B0%5D=AZWhkV5EOxderucAYQg-OarIjdIpmoOPuJdm2NshRiXabhxhYAg5n_RahXpwSE-bQq55AvbLGSRnEu1Ew98SiWHLlzTa-xGOHcQL3qVIXyWDLlzDSVzE1OVrkeQBWODkW4C0-UtWilyH9iLLY37VQEeRGJqDgqpexhw2cqeujhZDKLoE6s6DqU_bWp8nNXM6IBI&amp;__tn__=-%5DK-R\"><span class=\"xt0psk2\">Women Peace Initiatives<\/span><\/a><\/strong><\/div><div dir=\"auto\"><strong> <a class=\"x1i10hfl xjbqb8w x1ejq31n xd10rxx x1sy0etr x17r0tee x972fbf xcfux6l x1qhh985 xm0m39n x9f619 x1ypdohk xt0psk2 xe8uvvx xdj266r x11i5rnm xat24cr x1mh8g0r xexx8yu x4uap5 x18d9i69 xkhd6sd x16tdsg8 x1hl2dhg xggy1nq x1a2a7pz xt0b8zv x1fey0fg xo1l8bm\" tabindex=\"0\" role=\"link\" href=\"https:\/\/www.facebook.com\/DialogueCameroon?__cft__%5B0%5D=AZWhkV5EOxderucAYQg-OarIjdIpmoOPuJdm2NshRiXabhxhYAg5n_RahXpwSE-bQq55AvbLGSRnEu1Ew98SiWHLlzTa-xGOHcQL3qVIXyWDLlzDSVzE1OVrkeQBWODkW4C0-UtWilyH9iLLY37VQEeRGJqDgqpexhw2cqeujhZDKLoE6s6DqU_bWp8nNXM6IBI&amp;__tn__=-%5DK-R\"><span class=\"xt0psk2\">Cameroon Women Consultation For National Dialogue<\/span><\/a><\/strong><\/div><\/div>\t\t\t\t\t\t\t\t<\/div>\n\t\t\t\t<\/div>\n\t\t\t\t\t<\/div>\n\t\t\t\t<\/div>\n\t\t\t\t<\/div>\n\t\t","protected":false},"excerpt":{"rendered":"<p>WOMEN&#8217;S PEACE APPEAL WEEK Closing ceremony at CEPREF Mandjou On September 22, 2023, the closing ceremony of the Semaine d&#8217;appel pour la paix par les femmes organized by the association Femmes pour la promotion du leadership moral was held at the Centre de promotion de l&#8217;entrepreneuriat f\u00e9minin de MANDJOU. Chaired by the D\u00e9l\u00e9gu\u00e9 d\u00e9partemental de la Jeunesse et de l&#8217;\u00e9ducation civique, it was attended by over 40 people. Among them were the head of the Mandjou social affairs center, a resource person, and beneficiaries of CEPREF&#8217;s activities, including refugees, internally displaced persons and the host community. Key activities included &#8211; Training in the preparation of wheat and corn flour cakes &#8211; An educational talk on the theme of social and peaceful cohesion: its importance for the harmonious and sustainable development of the community &#8211; Artistic activities &#8211; An exhibition on CEPREF activities in Mandjou At the end of the ceremony, the Peace Tree and messages of peace were shared by the participants as a sign of peace during the artistic activities.WILPF Cameroon, particularly concerned by the situation of refugees in the EAST region, warmly thanks the Feplem Moral for this event of such social impact. #sapf2023#ActionsPourlaPaix#SemainedelaPaix #WILPFCameroon#PlusFortEnsemble Women&#8217;s International League for Peace and Freedom Ministry of Youth and Civic Education 237 Ministry for the Promotion of Women and the Family Women Peace Initiatives Cameroon Women Consultation For National Dialogue<\/p>\n","protected":false},"author":2,"featured_media":3418,"comment_status":"closed","ping_status":"open","sticky":false,"template":"","format":"standard","meta":{"ocean_post_layout":"","ocean_both_sidebars_style":"","ocean_both_sidebars_content_width":0,"ocean_both_sidebars_sidebars_width":0,"ocean_sidebar":"","ocean_second_sidebar":"","ocean_disable_margins":"enable","ocean_add_body_class":"","ocean_shortcode_before_top_bar":"","ocean_shortcode_after_top_bar":"","ocean_shortcode_before_header":"","ocean_shortcode_after_header":"","ocean_has_shortcode":"","ocean_shortcode_after_title":"","ocean_shortcode_before_footer_widgets":"","ocean_shortcode_after_footer_widgets":"","ocean_shortcode_before_footer_bottom":"","ocean_shortcode_after_footer_bottom":"","ocean_display_top_bar":"default","ocean_display_header":"default","ocean_header_style":"","ocean_center_header_left_menu":"","ocean_custom_header_template":"","ocean_custom_logo":0,"ocean_custom_retina_logo":0,"ocean_custom_logo_max_width":0,"ocean_custom_logo_tablet_max_width":0,"ocean_custom_logo_mobile_max_width":0,"ocean_custom_logo_max_height":0,"ocean_custom_logo_tablet_max_height":0,"ocean_custom_logo_mobile_max_height":0,"ocean_header_custom_menu":"","ocean_menu_typo_font_family":"","ocean_menu_typo_font_subset":"","ocean_menu_typo_font_size":0,"ocean_menu_typo_font_size_tablet":0,"ocean_menu_typo_font_size_mobile":0,"ocean_menu_typo_font_size_unit":"px","ocean_menu_typo_font_weight":"","ocean_menu_typo_font_weight_tablet":"","ocean_menu_typo_font_weight_mobile":"","ocean_menu_typo_transform":"","ocean_menu_typo_transform_tablet":"","ocean_menu_typo_transform_mobile":"","ocean_menu_typo_line_height":0,"ocean_menu_typo_line_height_tablet":0,"ocean_menu_typo_line_height_mobile":0,"ocean_menu_typo_line_height_unit":"","ocean_menu_typo_spacing":0,"ocean_menu_typo_spacing_tablet":0,"ocean_menu_typo_spacing_mobile":0,"ocean_menu_typo_spacing_unit":"","ocean_menu_link_color":"","ocean_menu_link_color_hover":"","ocean_menu_link_color_active":"","ocean_menu_link_background":"","ocean_menu_link_hover_background":"","ocean_menu_link_active_background":"","ocean_menu_social_links_bg":"","ocean_menu_social_hover_links_bg":"","ocean_menu_social_links_color":"","ocean_menu_social_hover_links_color":"","ocean_disable_title":"default","ocean_disable_heading":"default","ocean_post_title":"","ocean_post_subheading":"","ocean_post_title_style":"","ocean_post_title_background_color":"","ocean_post_title_background":0,"ocean_post_title_bg_image_position":"","ocean_post_title_bg_image_attachment":"","ocean_post_title_bg_image_repeat":"","ocean_post_title_bg_image_size":"","ocean_post_title_height":0,"ocean_post_title_bg_overlay":0.5,"ocean_post_title_bg_overlay_color":"","ocean_disable_breadcrumbs":"default","ocean_breadcrumbs_color":"","ocean_breadcrumbs_separator_color":"","ocean_breadcrumbs_links_color":"","ocean_breadcrumbs_links_hover_color":"","ocean_display_footer_widgets":"default","ocean_display_footer_bottom":"default","ocean_custom_footer_template":"","ocean_post_oembed":"","ocean_post_self_hosted_media":"","ocean_post_video_embed":"","ocean_link_format":"","ocean_link_format_target":"self","ocean_quote_format":"","ocean_quote_format_link":"post","ocean_gallery_link_images":"on","ocean_gallery_id":[],"footnotes":""},"categories":[48],"tags":[57,50,51,49],"class_list":["post-4257","post","type-post","status-publish","format-standard","has-post-thumbnail","hentry","category-women-peace-and-security","tag-fighting-violence","tag-peace","tag-stronger-together","tag-wilpf-cameroon-en","entry","has-media"],"yoast_head":"<!-- This site is optimized with the Yoast SEO plugin v25.3.1 - https:\/\/yoast.com\/wordpress\/plugins\/seo\/ -->\n<title>WOMEN&#039;S PEACE APPEAL WEEK - wilpfcameroon<\/title>\n<meta name=\"robots\" content=\"index, follow, max-snippet:-1, max-image-preview:large, max-video-preview:-1\" \/>\n<link rel=\"canonical\" href=\"https:\/\/wilpfcameroon.org\/en\/womens-peace-appeal-week\/\" \/>\n<meta property=\"og:locale\" content=\"en_US\" \/>\n<meta property=\"og:type\" content=\"article\" \/>\n<meta property=\"og:title\" content=\"WOMEN&#039;S PEACE APPEAL WEEK - wilpfcameroon\" \/>\n<meta property=\"og:description\" content=\"WOMEN&#8217;S PEACE APPEAL WEEK Closing ceremony at CEPREF Mandjou On September 22, 2023, the closing ceremony of the Semaine d&#8217;appel pour la paix par les femmes organized by the association Femmes pour la promotion du leadership moral was held at the Centre de promotion de l&#8217;entrepreneuriat f\u00e9minin de MANDJOU. Chaired by the D\u00e9l\u00e9gu\u00e9 d\u00e9partemental de la Jeunesse et de l&#8217;\u00e9ducation civique, it was attended by over 40 people. Among them were the head of the Mandjou social affairs center, a resource person, and beneficiaries of CEPREF&#8217;s activities, including refugees, internally displaced persons and the host community. Key activities included &#8211; Training in the preparation of wheat and corn flour cakes &#8211; An educational talk on the theme of social and peaceful cohesion: its importance for the harmonious and sustainable development of the community &#8211; Artistic activities &#8211; An exhibition on CEPREF activities in Mandjou At the end of the ceremony, the Peace Tree and messages of peace were shared by the participants as a sign of peace during the artistic activities.WILPF Cameroon, particularly concerned by the situation of refugees in the EAST region, warmly thanks the Feplem Moral for this event of such social impact. #sapf2023#ActionsPourlaPaix#SemainedelaPaix #WILPFCameroon#PlusFortEnsemble Women&#8217;s International League for Peace and Freedom Ministry of Youth and Civic Education 237 Ministry for the Promotion of Women and the Family Women Peace Initiatives Cameroon Women Consultation For National Dialogue\" \/>\n<meta property=\"og:url\" content=\"https:\/\/wilpfcameroon.org\/en\/womens-peace-appeal-week\/\" \/>\n<meta property=\"og:site_name\" content=\"wilpfcameroon\" \/>\n<meta property=\"article:published_time\" content=\"2023-09-24T11:26:00+00:00\" \/>\n<meta property=\"article:modified_time\" content=\"2025-06-27T12:29:25+00:00\" \/>\n<meta property=\"og:image\" content=\"https:\/\/wilpfcameroon.org\/wp-content\/uploads\/2024\/04\/382998937_345712014467620_875986202431026579_n-e1712748572694.jpg\" \/>\n\t<meta property=\"og:image:width\" content=\"991\" \/>\n\t<meta property=\"og:image:height\" content=\"546\" \/>\n\t<meta property=\"og:image:type\" content=\"image\/jpeg\" \/>\n<meta name=\"author\" content=\"adminwilpf\" \/>\n<meta name=\"twitter:card\" content=\"summary_large_image\" \/>\n<meta name=\"twitter:label1\" content=\"Written by\" \/>\n\t<meta name=\"twitter:data1\" content=\"adminwilpf\" \/>\n\t<meta name=\"twitter:label2\" content=\"Est. reading time\" \/>\n\t<meta name=\"twitter:data2\" content=\"1 minute\" \/>\n<script type=\"application\/ld+json\" class=\"yoast-schema-graph\">{\"@context\":\"https:\/\/schema.org\",\"@graph\":[{\"@type\":\"Article\",\"@id\":\"https:\/\/wilpfcameroon.org\/en\/womens-peace-appeal-week\/#article\",\"isPartOf\":{\"@id\":\"https:\/\/wilpfcameroon.org\/en\/womens-peace-appeal-week\/\"},\"author\":{\"name\":\"adminwilpf\",\"@id\":\"https:\/\/wilpfcameroon.org\/en\/#\/schema\/person\/98e973240e892b8642462c5486b24440\"},\"headline\":\"WOMEN&#8217;S PEACE APPEAL WEEK\",\"datePublished\":\"2023-09-24T11:26:00+00:00\",\"dateModified\":\"2025-06-27T12:29:25+00:00\",\"mainEntityOfPage\":{\"@id\":\"https:\/\/wilpfcameroon.org\/en\/womens-peace-appeal-week\/\"},\"wordCount\":244,\"publisher\":{\"@id\":\"https:\/\/wilpfcameroon.org\/en\/#organization\"},\"image\":{\"@id\":\"https:\/\/wilpfcameroon.org\/en\/womens-peace-appeal-week\/#primaryimage\"},\"thumbnailUrl\":\"https:\/\/wilpfcameroon.org\/wp-content\/uploads\/2024\/04\/382998937_345712014467620_875986202431026579_n-e1712748572694.jpg\",\"keywords\":[\"fighting violence\",\"peace\",\"stronger together\",\"wilpf cameroon\"],\"articleSection\":[\"women, peace and security\"],\"inLanguage\":\"en-US\"},{\"@type\":\"WebPage\",\"@id\":\"https:\/\/wilpfcameroon.org\/en\/womens-peace-appeal-week\/\",\"url\":\"https:\/\/wilpfcameroon.org\/en\/womens-peace-appeal-week\/\",\"name\":\"WOMEN'S PEACE APPEAL WEEK - wilpfcameroon\",\"isPartOf\":{\"@id\":\"https:\/\/wilpfcameroon.org\/en\/#website\"},\"primaryImageOfPage\":{\"@id\":\"https:\/\/wilpfcameroon.org\/en\/womens-peace-appeal-week\/#primaryimage\"},\"image\":{\"@id\":\"https:\/\/wilpfcameroon.org\/en\/womens-peace-appeal-week\/#primaryimage\"},\"thumbnailUrl\":\"https:\/\/wilpfcameroon.org\/wp-content\/uploads\/2024\/04\/382998937_345712014467620_875986202431026579_n-e1712748572694.jpg\",\"datePublished\":\"2023-09-24T11:26:00+00:00\",\"dateModified\":\"2025-06-27T12:29:25+00:00\",\"breadcrumb\":{\"@id\":\"https:\/\/wilpfcameroon.org\/en\/womens-peace-appeal-week\/#breadcrumb\"},\"inLanguage\":\"en-US\",\"potentialAction\":[{\"@type\":\"ReadAction\",\"target\":[\"https:\/\/wilpfcameroon.org\/en\/womens-peace-appeal-week\/\"]}]},{\"@type\":\"ImageObject\",\"inLanguage\":\"en-US\",\"@id\":\"https:\/\/wilpfcameroon.org\/en\/womens-peace-appeal-week\/#primaryimage\",\"url\":\"https:\/\/wilpfcameroon.org\/wp-content\/uploads\/2024\/04\/382998937_345712014467620_875986202431026579_n-e1712748572694.jpg\",\"contentUrl\":\"https:\/\/wilpfcameroon.org\/wp-content\/uploads\/2024\/04\/382998937_345712014467620_875986202431026579_n-e1712748572694.jpg\",\"width\":991,\"height\":546},{\"@type\":\"BreadcrumbList\",\"@id\":\"https:\/\/wilpfcameroon.org\/en\/womens-peace-appeal-week\/#breadcrumb\",\"itemListElement\":[{\"@type\":\"ListItem\",\"position\":1,\"name\":\"Accueil\",\"item\":\"https:\/\/wilpfcameroon.org\/en\/\"},{\"@type\":\"ListItem\",\"position\":2,\"name\":\"WOMEN&rsquo;S PEACE APPEAL WEEK\"}]},{\"@type\":\"WebSite\",\"@id\":\"https:\/\/wilpfcameroon.org\/en\/#website\",\"url\":\"https:\/\/wilpfcameroon.org\/en\/\",\"name\":\"wilpfcameroon\",\"description\":\"A world free of violence and armed conflict in which human rights are protected and where women and men have the same opportunities and positions\",\"publisher\":{\"@id\":\"https:\/\/wilpfcameroon.org\/en\/#organization\"},\"potentialAction\":[{\"@type\":\"SearchAction\",\"target\":{\"@type\":\"EntryPoint\",\"urlTemplate\":\"https:\/\/wilpfcameroon.org\/en\/?s={search_term_string}\"},\"query-input\":{\"@type\":\"PropertyValueSpecification\",\"valueRequired\":true,\"valueName\":\"search_term_string\"}}],\"inLanguage\":\"en-US\"},{\"@type\":\"Organization\",\"@id\":\"https:\/\/wilpfcameroon.org\/en\/#organization\",\"name\":\"wilpfcameroon\",\"url\":\"https:\/\/wilpfcameroon.org\/en\/\",\"logo\":{\"@type\":\"ImageObject\",\"inLanguage\":\"en-US\",\"@id\":\"https:\/\/wilpfcameroon.org\/en\/#\/schema\/logo\/image\/\",\"url\":\"https:\/\/wilpfcameroon.org\/wp-content\/uploads\/2024\/01\/cropped-WhatsApp-Image-2024-01-08-a-17.25.19_380a45bf_prev_ui-1-1.png\",\"contentUrl\":\"https:\/\/wilpfcameroon.org\/wp-content\/uploads\/2024\/01\/cropped-WhatsApp-Image-2024-01-08-a-17.25.19_380a45bf_prev_ui-1-1.png\",\"width\":645,\"height\":177,\"caption\":\"wilpfcameroon\"},\"image\":{\"@id\":\"https:\/\/wilpfcameroon.org\/en\/#\/schema\/logo\/image\/\"}},{\"@type\":\"Person\",\"@id\":\"https:\/\/wilpfcameroon.org\/en\/#\/schema\/person\/98e973240e892b8642462c5486b24440\",\"name\":\"adminwilpf\",\"image\":{\"@type\":\"ImageObject\",\"inLanguage\":\"en-US\",\"@id\":\"https:\/\/wilpfcameroon.org\/en\/#\/schema\/person\/image\/\",\"url\":\"https:\/\/secure.gravatar.com\/avatar\/d58cc4f29e84bd28461917b4e459c0303830ef339ef19e0a4938f68b65242fe8?s=96&d=mm&r=g\",\"contentUrl\":\"https:\/\/secure.gravatar.com\/avatar\/d58cc4f29e84bd28461917b4e459c0303830ef339ef19e0a4938f68b65242fe8?s=96&d=mm&r=g\",\"caption\":\"adminwilpf\"},\"sameAs\":[\"https:\/\/www.wilpfcameroon.org\"],\"url\":\"https:\/\/wilpfcameroon.org\/en\/author\/editwilpf\/\"}]}<\/script>\n<!-- \/ Yoast SEO plugin. -->","yoast_head_json":{"title":"WOMEN'S PEACE APPEAL WEEK - wilpfcameroon","robots":{"index":"index","follow":"follow","max-snippet":"max-snippet:-1","max-image-preview":"max-image-preview:large","max-video-preview":"max-video-preview:-1"},"canonical":"https:\/\/wilpfcameroon.org\/en\/womens-peace-appeal-week\/","og_locale":"en_US","og_type":"article","og_title":"WOMEN'S PEACE APPEAL WEEK - wilpfcameroon","og_description":"WOMEN&#8217;S PEACE APPEAL WEEK Closing ceremony at CEPREF Mandjou On September 22, 2023, the closing ceremony of the Semaine d&#8217;appel pour la paix par les femmes organized by the association Femmes pour la promotion du leadership moral was held at the Centre de promotion de l&#8217;entrepreneuriat f\u00e9minin de MANDJOU. Chaired by the D\u00e9l\u00e9gu\u00e9 d\u00e9partemental de la Jeunesse et de l&#8217;\u00e9ducation civique, it was attended by over 40 people. Among them were the head of the Mandjou social affairs center, a resource person, and beneficiaries of CEPREF&#8217;s activities, including refugees, internally displaced persons and the host community. Key activities included &#8211; Training in the preparation of wheat and corn flour cakes &#8211; An educational talk on the theme of social and peaceful cohesion: its importance for the harmonious and sustainable development of the community &#8211; Artistic activities &#8211; An exhibition on CEPREF activities in Mandjou At the end of the ceremony, the Peace Tree and messages of peace were shared by the participants as a sign of peace during the artistic activities.WILPF Cameroon, particularly concerned by the situation of refugees in the EAST region, warmly thanks the Feplem Moral for this event of such social impact. #sapf2023#ActionsPourlaPaix#SemainedelaPaix #WILPFCameroon#PlusFortEnsemble Women&#8217;s International League for Peace and Freedom Ministry of Youth and Civic Education 237 Ministry for the Promotion of Women and the Family Women Peace Initiatives Cameroon Women Consultation For National Dialogue","og_url":"https:\/\/wilpfcameroon.org\/en\/womens-peace-appeal-week\/","og_site_name":"wilpfcameroon","article_published_time":"2023-09-24T11:26:00+00:00","article_modified_time":"2025-06-27T12:29:25+00:00","og_image":[{"width":991,"height":546,"url":"https:\/\/wilpfcameroon.org\/wp-content\/uploads\/2024\/04\/382998937_345712014467620_875986202431026579_n-e1712748572694.jpg","type":"image\/jpeg"}],"author":"adminwilpf","twitter_card":"summary_large_image","twitter_misc":{"Written by":"adminwilpf","Est. reading time":"1 minute"},"schema":{"@context":"https:\/\/schema.org","@graph":[{"@type":"Article","@id":"https:\/\/wilpfcameroon.org\/en\/womens-peace-appeal-week\/#article","isPartOf":{"@id":"https:\/\/wilpfcameroon.org\/en\/womens-peace-appeal-week\/"},"author":{"name":"adminwilpf","@id":"https:\/\/wilpfcameroon.org\/en\/#\/schema\/person\/98e973240e892b8642462c5486b24440"},"headline":"WOMEN&#8217;S PEACE APPEAL WEEK","datePublished":"2023-09-24T11:26:00+00:00","dateModified":"2025-06-27T12:29:25+00:00","mainEntityOfPage":{"@id":"https:\/\/wilpfcameroon.org\/en\/womens-peace-appeal-week\/"},"wordCount":244,"publisher":{"@id":"https:\/\/wilpfcameroon.org\/en\/#organization"},"image":{"@id":"https:\/\/wilpfcameroon.org\/en\/womens-peace-appeal-week\/#primaryimage"},"thumbnailUrl":"https:\/\/wilpfcameroon.org\/wp-content\/uploads\/2024\/04\/382998937_345712014467620_875986202431026579_n-e1712748572694.jpg","keywords":["fighting violence","peace","stronger together","wilpf cameroon"],"articleSection":["women, peace and security"],"inLanguage":"en-US"},{"@type":"WebPage","@id":"https:\/\/wilpfcameroon.org\/en\/womens-peace-appeal-week\/","url":"https:\/\/wilpfcameroon.org\/en\/womens-peace-appeal-week\/","name":"WOMEN'S PEACE APPEAL WEEK - wilpfcameroon","isPartOf":{"@id":"https:\/\/wilpfcameroon.org\/en\/#website"},"primaryImageOfPage":{"@id":"https:\/\/wilpfcameroon.org\/en\/womens-peace-appeal-week\/#primaryimage"},"image":{"@id":"https:\/\/wilpfcameroon.org\/en\/womens-peace-appeal-week\/#primaryimage"},"thumbnailUrl":"https:\/\/wilpfcameroon.org\/wp-content\/uploads\/2024\/04\/382998937_345712014467620_875986202431026579_n-e1712748572694.jpg","datePublished":"2023-09-24T11:26:00+00:00","dateModified":"2025-06-27T12:29:25+00:00","breadcrumb":{"@id":"https:\/\/wilpfcameroon.org\/en\/womens-peace-appeal-week\/#breadcrumb"},"inLanguage":"en-US","potentialAction":[{"@type":"ReadAction","target":["https:\/\/wilpfcameroon.org\/en\/womens-peace-appeal-week\/"]}]},{"@type":"ImageObject","inLanguage":"en-US","@id":"https:\/\/wilpfcameroon.org\/en\/womens-peace-appeal-week\/#primaryimage","url":"https:\/\/wilpfcameroon.org\/wp-content\/uploads\/2024\/04\/382998937_345712014467620_875986202431026579_n-e1712748572694.jpg","contentUrl":"https:\/\/wilpfcameroon.org\/wp-content\/uploads\/2024\/04\/382998937_345712014467620_875986202431026579_n-e1712748572694.jpg","width":991,"height":546},{"@type":"BreadcrumbList","@id":"https:\/\/wilpfcameroon.org\/en\/womens-peace-appeal-week\/#breadcrumb","itemListElement":[{"@type":"ListItem","position":1,"name":"Accueil","item":"https:\/\/wilpfcameroon.org\/en\/"},{"@type":"ListItem","position":2,"name":"WOMEN&rsquo;S PEACE APPEAL WEEK"}]},{"@type":"WebSite","@id":"https:\/\/wilpfcameroon.org\/en\/#website","url":"https:\/\/wilpfcameroon.org\/en\/","name":"wilpfcameroon","description":"A world free of violence and armed conflict in which human rights are protected and where women and men have the same opportunities and positions","publisher":{"@id":"https:\/\/wilpfcameroon.org\/en\/#organization"},"potentialAction":[{"@type":"SearchAction","target":{"@type":"EntryPoint","urlTemplate":"https:\/\/wilpfcameroon.org\/en\/?s={search_term_string}"},"query-input":{"@type":"PropertyValueSpecification","valueRequired":true,"valueName":"search_term_string"}}],"inLanguage":"en-US"},{"@type":"Organization","@id":"https:\/\/wilpfcameroon.org\/en\/#organization","name":"wilpfcameroon","url":"https:\/\/wilpfcameroon.org\/en\/","logo":{"@type":"ImageObject","inLanguage":"en-US","@id":"https:\/\/wilpfcameroon.org\/en\/#\/schema\/logo\/image\/","url":"https:\/\/wilpfcameroon.org\/wp-content\/uploads\/2024\/01\/cropped-WhatsApp-Image-2024-01-08-a-17.25.19_380a45bf_prev_ui-1-1.png","contentUrl":"https:\/\/wilpfcameroon.org\/wp-content\/uploads\/2024\/01\/cropped-WhatsApp-Image-2024-01-08-a-17.25.19_380a45bf_prev_ui-1-1.png","width":645,"height":177,"caption":"wilpfcameroon"},"image":{"@id":"https:\/\/wilpfcameroon.org\/en\/#\/schema\/logo\/image\/"}},{"@type":"Person","@id":"https:\/\/wilpfcameroon.org\/en\/#\/schema\/person\/98e973240e892b8642462c5486b24440","name":"adminwilpf","image":{"@type":"ImageObject","inLanguage":"en-US","@id":"https:\/\/wilpfcameroon.org\/en\/#\/schema\/person\/image\/","url":"https:\/\/secure.gravatar.com\/avatar\/d58cc4f29e84bd28461917b4e459c0303830ef339ef19e0a4938f68b65242fe8?s=96&d=mm&r=g","contentUrl":"https:\/\/secure.gravatar.com\/avatar\/d58cc4f29e84bd28461917b4e459c0303830ef339ef19e0a4938f68b65242fe8?s=96&d=mm&r=g","caption":"adminwilpf"},"sameAs":["https:\/\/www.wilpfcameroon.org"],"url":"https:\/\/wilpfcameroon.org\/en\/author\/editwilpf\/"}]}},"_links":{"self":[{"href":"https:\/\/wilpfcameroon.org\/en\/wp-json\/wp\/v2\/posts\/4257","targetHints":{"allow":["GET"]}}],"collection":[{"href":"https:\/\/wilpfcameroon.org\/en\/wp-json\/wp\/v2\/posts"}],"about":[{"href":"https:\/\/wilpfcameroon.org\/en\/wp-json\/wp\/v2\/types\/post"}],"author":[{"embeddable":true,"href":"https:\/\/wilpfcameroon.org\/en\/wp-json\/wp\/v2\/users\/2"}],"replies":[{"embeddable":true,"href":"https:\/\/wilpfcameroon.org\/en\/wp-json\/wp\/v2\/comments?post=4257"}],"version-history":[{"count":3,"href":"https:\/\/wilpfcameroon.org\/en\/wp-json\/wp\/v2\/posts\/4257\/revisions"}],"predecessor-version":[{"id":4270,"href":"https:\/\/wilpfcameroon.org\/en\/wp-json\/wp\/v2\/posts\/4257\/revisions\/4270"}],"wp:featuredmedia":[{"embeddable":true,"href":"https:\/\/wilpfcameroon.org\/en\/wp-json\/wp\/v2\/media\/3418"}],"wp:attachment":[{"href":"https:\/\/wilpfcameroon.org\/en\/wp-json\/wp\/v2\/media?parent=4257"}],"wp:term":[{"taxonomy":"category","embeddable":true,"href":"https:\/\/wilpfcameroon.org\/en\/wp-json\/wp\/v2\/categories?post=4257"},{"taxonomy":"post_tag","embeddable":true,"href":"https:\/\/wilpfcameroon.org\/en\/wp-json\/wp\/v2\/tags?post=4257"}],"curies":[{"name":"wp","href":"https:\/\/api.w.org\/{rel}","templated":true}]}}